{"id":63,"date":"2021-04-22T23:29:26","date_gmt":"2021-04-23T11:29:26","guid":{"rendered":"https:\/\/o5go.com\/pt\/?p=63"},"modified":"2021-04-23T22:46:08","modified_gmt":"2021-04-24T10:46:08","slug":"p","status":"publish","type":"post","link":"https:\/\/o5go.com\/pt\/p\/","title":{"rendered":"P"},"content":{"rendered":"\n<h2 class=\"wp-block-heading\">Todas as p\u00e1ginas pt.m.wikipedia.org Apresentar p\u00e1ginas desde: P<\/h2>\n\n\n\n<p><a href=\"https:\/\/pt.m.wikipedia.org\/wiki\/Especial:Todas_as_p%C3%A1ginas?from=P&amp;to=&amp;namespace=0\">https:\/\/pt.m.wikipedia.org\/wiki\/Especial:Todas_as_p%C3%A1ginas?from=P&amp;to=&amp;namespace=0<\/a><\/p>\n\n\n\n<h2 class=\"wp-block-heading\" id=\"section_0\">Padre<\/h2>\n\n\n\n<p>ministro de qualquer uma das 24 igrejas cat\u00f3licas, que receberam o segundo grau do sacramento da ordem. Eles podem administrar cinco dos sete sacramentos, exceto para a confirma\u00e7\u00e3o e ordena\u00e7\u00e3o sacerdotal, reservados para o bispo<\/p>\n\n\n\n<p><strong>Padre<\/strong>&nbsp;\u00e9 o&nbsp;t\u00edtulo&nbsp;atribu\u00eddo ao ministro&nbsp;religioso&nbsp;na&nbsp;Igreja Cat\u00f3lica Romana,&nbsp;Ortodoxa&nbsp;e&nbsp;Anglicana.<\/p>\n\n\n\n<p><a href=\"https:\/\/pt.m.wikipedia.org\/wiki\/Padre\">https:\/\/pt.m.wikipedia.org\/wiki\/Padre<\/a><\/p>\n\n\n\n<h2 class=\"wp-block-heading\" id=\"section_0\">Paix\u00e3o (sentimento)<\/h2>\n\n\n\n<p>sentimento intenso de atra\u00e7\u00e3o por outra pessoa<\/p>\n\n\n\n<p>Paix\u00e3o (do latim tardio passio -onis, derivado de passus, partic\u00edpio passado de pat\u012b \u00absofrer\u00bb ) \u00e9 um termo que designa um sentimento muito forte de atra\u00e7\u00e3o por uma pessoa, objeto ou tema. A paix\u00e3o \u00e9 intensa, envolvente, um entusiasmo ou um desejo forte por qualquer coisa.<\/p>\n\n\n\n<p>O termo tamb\u00e9m \u00e9 aplicado com frequ\u00eancia para designar um v\u00edvido interesse ou admira\u00e7\u00e3o por um ideal, causa ou atividade. Em suma, \u00e9 um sentimento intenso. A palavra paix\u00e3o \u00e9 vulgarmente usada para exprimir uma puls\u00e3o romanesca, ou desejo sexual, em todo o caso mais profunda ou mais abrangente que a &#8220;lux\u00faria&#8221;.<\/p>\n\n\n\n<p><a href=\"https:\/\/pt.m.wikipedia.org\/wiki\/Paix%C3%A3o_(sentimento)\">https:\/\/pt.m.wikipedia.org\/wiki\/Paix%C3%A3o_(sentimento)<\/a><\/p>\n\n\n\n<h2 class=\"wp-block-heading\" id=\"section_0\">Paladar<\/h2>\n\n\n\n<p>capacidade de reconhecer gostos de susbt\u00e2ncias quando colocadas sobre a l\u00edngua<\/p>\n\n\n\n<p>O sistema gustativo ou sentido do paladar \u00e9 o sistema sensorial parcialmente respons\u00e1vel pela percep\u00e7\u00e3o do sabor (flavor). O paladar \u00e9 a percep\u00e7\u00e3o produzida ou estimulada quando uma subst\u00e2ncia na boca reage quimicamente com as c\u00e9lulas receptoras gustativas localizadas nas papilas gustativas da cavidade oral, principalmente na l\u00edngua. O paladar, junto com o cheiro (olfato) e a estimula\u00e7\u00e3o do nervo trig\u00eameo (registrando a textura, a dor e a temperatura), determina os sabores dos alimentos e outras subst\u00e2ncias. Os seres humanos t\u00eam receptores gustativos nas papilas gustativas e em outras \u00e1reas, incluindo a superf\u00edcie superior da l\u00edngua e a epiglote. O c\u00f3rtex gustativo \u00e9 respons\u00e1vel pela percep\u00e7\u00e3o do paladar.<\/p>\n\n\n\n<p><a href=\"https:\/\/pt.m.wikipedia.org\/wiki\/Paladar\">https:\/\/pt.m.wikipedia.org\/wiki\/Paladar<\/a><\/p>\n\n\n\n<h2 class=\"wp-block-heading\">P\u00e2nico<\/h2>\n\n\n\n<p>P\u00e2nico \u00e9 um sentimento esmagador de medo ou ansiedade. \u00c9 um medo repentino e uma ansiedade.<\/p>\n\n\n\n<p>A palavra \u201cp\u00e2nico\u201d deriva do grego \u03c0\u03b1\u03bd\u03b9\u03ba\u03cc\u03c2 (\u201cpertencente ao deus dos rebanhos, P\u00e3\u201d), que levou divers\u00e3o de assustadores rebanhos de caprinos e ovinos em explos\u00f5es repentinas de medo incontrol\u00e1vel. Os gregos antigos creditavam a vit\u00f3ria na batalha de Maratona a P\u00e3. Eles usavam seu nome para o medo exibido pelos soldados inimigos em fuga. Na natureza, o \u201cestado de p\u00e2nico\u201d \u00e9 um sistema de defesa normal e \u00fatil que ativa todas as regi\u00f5es do c\u00e9rebro que est\u00e3o relacionadas \u00e0 aten\u00e7\u00e3o. \u00c9 como se o animal entrasse em alerta m\u00e1ximo e num processo de fuga. Uma caracter\u00edstica, por exemplo, \u00e9 perder um pouco da sensibilidade nas extremidades do corpo para facilitar a fuga; ferimentos leves s\u00e3o ignorados enquanto um animal foge de seu predador. Por\u00e9m, para o ser-humano, o p\u00e2nico em situa\u00e7\u00f5es que n\u00e3o expressam real perigo, pode ser uma doen\u00e7a que atrapalha o conv\u00edvio social, chamada de s\u00edndrome do p\u00e2nico. O \u201cmedo do p\u00e2nico\u201d pode se tornar o transtorno do p\u00e2nico relacionadas a outros tipos de patologia psiqui\u00e1trica como crise de ansiedade, depress\u00e3o, estresse e outros.<\/p>\n\n\n\n<p><a href=\"https:\/\/pt.m.wikipedia.org\/wiki\/P%C3%A2nico\">https:\/\/pt.m.wikipedia.org\/wiki\/P%C3%A2nico<\/a><\/p>\n\n\n\n<h2 class=\"wp-block-heading\">Param\u00e9dico<\/h2>\n\n\n\n<p>Param\u00e9dicos s\u00e3o profissionais habilitados da carreira do atendimento pr\u00e9-hospitalar, cuja categoria profissional lhes permite a aplica\u00e7\u00e3o de t\u00e9cnicas m\u00e9dicas em ambiente extra-hospitalar.<\/p>\n\n\n\n<p>A classe param\u00e9dica engloba socorristas, t\u00e9cnicos de emerg\u00eancia m\u00e9dica de diversos n\u00edveis.<\/p>\n\n\n\n<p>Na l\u00edngua portuguesa o param\u00e9dico \u00e9 o profissional da \u00e1rea da sa\u00fade que auxilia os servi\u00e7os m\u00e9dicos, mas que n\u00e3o pertence ao corpo m\u00e9dico, portanto o m\u00e9dico n\u00e3o \u00e9 param\u00e9dico e conforme a l\u00edngua portuguesa os enfermeiros, t\u00e9cnicos, fisioterapeutas, massoterapeutas, etc. s\u00e3o param\u00e9dicos.<\/p>\n\n\n\n<p>Apesar desse entendimento da l\u00edngua portuguesa, isso n\u00e3o descreve adequadamente o profissional param\u00e9dico ou T\u00e9cnico em Emerg\u00eancias M\u00e9dicas com atribui\u00e7\u00f5es de executar procedimentos de Suporte Avan\u00e7ado de Vida como: intuba\u00e7\u00f5es, acessos venosos, administra\u00e7\u00e3o de medicamentos e solu\u00e7\u00f5es de emerg\u00eancias, sob dire\u00e7\u00e3o m\u00e9dica, indireta ou \u00e0 dist\u00e2ncia.<\/p>\n\n\n\n<p><a href=\"https:\/\/pt.m.wikipedia.org\/wiki\/Param%C3%A9dico\">https:\/\/pt.m.wikipedia.org\/wiki\/Param%C3%A9dico<\/a><\/p>\n\n\n\n<h2 class=\"wp-block-heading\">Parentesco<\/h2>\n\n\n\n<p>Parentesco \u00e9 a rela\u00e7\u00e3o que une duas ou mais pessoas por v\u00ednculos gen\u00e9ticos (descend\u00eancia\/ascend\u00eancia) ou sociais (sobretudo pelo casamento ou ado\u00e7\u00e3o).<\/p>\n\n\n\n<p>O parentesco estabelecido mediante um ancestral em comum \u00e9 chamado parentesco consangu\u00edneo, enquanto que o criado pelo casamento e outras rela\u00e7\u00f5es sociais recebe o nome de parentesco por afinidade. Chama-se de parentesco em linha reta quando as pessoas descendem umas das outras diretamente (filho, neto, bisneto, trineto etc), e parentesco colateral quando as pessoas n\u00e3o descendem uma das outras, mas possuem um ancestral em comum (tios, primos, etc.).<\/p>\n\n\n\n<p><a href=\"https:\/\/pt.m.wikipedia.org\/wiki\/Parentesco\">https:\/\/pt.m.wikipedia.org\/wiki\/Parentesco<\/a><\/p>\n\n\n\n<h2 class=\"wp-block-heading\">Passatempo<\/h2>\n\n\n\n<p>Passatempo ou o estrangeirismo hobby \u00e9 a denomina\u00e7\u00e3o dada a uma atividade de entretenimento livre que o indiv\u00edduo desenvolve sozinho ou coletivamente. Um passatempo pode manifestar-se de v\u00e1rias formas: atividade pr\u00e1tica (culin\u00e1ria, esporte, modelagem, pintura) ou pura e simples atividade intelectual (escrever, ler, filosofar). O passatempo n\u00e3o deve ser confundido com jogo, que \u00e9 uma divers\u00e3o envolvendo regras predeterminadas e determinados objetivos.<\/p>\n\n\n\n<p><a href=\"https:\/\/pt.m.wikipedia.org\/wiki\/Passatempo\">https:\/\/pt.m.wikipedia.org\/wiki\/Passatempo<\/a><\/p>\n\n\n\n<h2 class=\"wp-block-heading\">Pedagogia<\/h2>\n\n\n\n<p>Pedagogia \u00e9 a ci\u00eancia que tem como objeto de estudo a educa\u00e7\u00e3o, o processo de ensino e a aprendizagem. O sujeito \u00e9 o ser humano como educando.<\/p>\n\n\n\n<p>A palavra pedagogia tem origem na Gr\u00e9cia antiga e vem das palavras: &#8220;paidos&#8221; (&#8220;da crian\u00e7a&#8221;) e &#8220;agein&#8221; (&#8220;conduzir&#8221;).<\/p>\n\n\n\n<p><a href=\"https:\/\/pt.m.wikipedia.org\/wiki\/Pedagogia\">https:\/\/pt.m.wikipedia.org\/wiki\/Pedagogia<\/a><\/p>\n\n\n\n<h2 class=\"wp-block-heading\" id=\"section_0\">Pele<\/h2>\n\n\n\n<p>\u00f3rg\u00e3o que cobre o corpo dos vertebrados<\/p>\n\n\n\n<p>A pele (c\u00fatis ou tez), em anatomia, \u00e9 o \u00f3rg\u00e3o integrante do sistema tegumentar (junto ao cabelo e pelos, unhas, gl\u00e2ndulas sudor\u00edparas e seb\u00e1ceas), que tem por principais fun\u00e7\u00f5es a prote\u00e7\u00e3o dos tecidos subjacentes, regula\u00e7\u00e3o da temperatura som\u00e1tica e ainda conter termina\u00e7\u00f5es nervosas sensitivas.<\/p>\n\n\n\n<p>A pele \u00e9 o revestimento externo do corpo, considerado o maior \u00f3rg\u00e3o do corpo humano e o mais pesado. Comp\u00f5e-se da pele propriamente dita e da tela subcut\u00e2nea.<\/p>\n\n\n\n<p><a href=\"https:\/\/pt.m.wikipedia.org\/wiki\/Pele\">https:\/\/pt.m.wikipedia.org\/wiki\/Pele<\/a><\/p>\n\n\n\n<h2 class=\"wp-block-heading\" id=\"section_0\">Pensamento<\/h2>\n\n\n\n<p>processo mental &#8211; <strong>Pensamento<\/strong>&nbsp;e&nbsp;<strong>pensar<\/strong>&nbsp;s\u00e3o, respectivamente, uma&nbsp;forma&nbsp;de&nbsp;processomental&nbsp;ou faculdade do sistema mental. Pensar permite aos seres&nbsp;modelarem&nbsp;sua percep\u00e7\u00e3o do&nbsp;mundo&nbsp;ao redor de si, e com isso lidar com ele de uma forma efetiva e de acordo com suas&nbsp;metas,&nbsp;planos&nbsp;e&nbsp;desejos.&nbsp;Palavras&nbsp;que se referem a&nbsp;conceitos&nbsp;e processos similares incluem&nbsp;cogni\u00e7\u00e3o,&nbsp;senci\u00eancia,&nbsp;consci\u00eancia,&nbsp;ideia, e&nbsp;imagina\u00e7\u00e3o. O pensamento \u00e9 considerado a express\u00e3o mais &#8220;palp\u00e1vel&#8221; do&nbsp;esp\u00edritohumano, pois atrav\u00e9s de&nbsp;imagens&nbsp;e ideias revela justamente a vontade deste.<\/p>\n\n\n\n<p><a href=\"https:\/\/pt.m.wikipedia.org\/wiki\/Pensamento\">https:\/\/pt.m.wikipedia.org\/wiki\/Pensamento<\/a><\/p>\n\n\n\n<h2 class=\"wp-block-heading\">Penteado<\/h2>\n\n\n\n<p>Penteado \u00e9 o estilo ou arranjo dado aos cabelos atrav\u00e9s do uso de pentes e escovas, do corte e outras t\u00e9cnicas, como o alisamento, permanente e a aplica\u00e7\u00e3o de tinturas.<\/p>\n\n\n\n<p>Na Coreia do Norte, apenas alguns penteados s\u00e3o permitidos pelo governo.<\/p>\n\n\n\n<p><a href=\"https:\/\/pt.m.wikipedia.org\/wiki\/Penteado\">https:\/\/pt.m.wikipedia.org\/wiki\/Penteado<\/a><\/p>\n\n\n\n<h2 class=\"wp-block-heading\">Percep\u00e7\u00e3o<\/h2>\n\n\n\n<p>Percep\u00e7\u00e3o (AO 1990: percep\u00e7\u00e3o ou perce\u00e7\u00e3o) \u00e9, em psicologia, neuroci\u00eancia e ci\u00eancias cognitivas, a fun\u00e7\u00e3o cerebral que atribui significado a est\u00edmulos sensoriais, a partir de hist\u00f3rico de viv\u00eancias passadas (mem\u00f3rias). Atrav\u00e9s da percep\u00e7\u00e3o um indiv\u00edduo organiza e interpreta as suas impress\u00f5es sensoriais para atribuir significado ao seu meio. Consiste na aquisi\u00e7\u00e3o, interpreta\u00e7\u00e3o, sele\u00e7\u00e3o e organiza\u00e7\u00e3o das informa\u00e7\u00f5es obtidas pelos sentidos. A percep\u00e7\u00e3o pode ser estudada do ponto de vista estritamente biol\u00f3gico ou fisiol\u00f3gico, envolvendo est\u00edmulos el\u00e9tricos evocados pelos est\u00edmulos nos \u00f3rg\u00e3os dos sentidos. Do ponto de vista psicol\u00f3gico ou cognitivo, a percep\u00e7\u00e3o envolve tamb\u00e9m os processos mentais, a mem\u00f3ria e outros aspectos que podem influenciar na interpreta\u00e7\u00e3o dos dados percebidos.<\/p>\n\n\n\n<p><a href=\"https:\/\/pt.m.wikipedia.org\/wiki\/Percep%C3%A7%C3%A3o\">https:\/\/pt.m.wikipedia.org\/wiki\/Percep%C3%A7%C3%A3o<\/a><\/p>\n\n\n\n<h2 class=\"wp-block-heading\">Percep\u00e7\u00e3o temporal<\/h2>\n\n\n\n<p>Percep\u00e7\u00e3o temporal \u00e9 um campo de estudo dentro da psicologia e da neuroci\u00eancia que se refere \u00e0 uma experi\u00eancia subjetiva da vida, o tempo, que pode ser medido por algu\u00e9m a partir da pr\u00f3pria percep\u00e7\u00e3o da dura\u00e7\u00e3o do desenrolar dos acontecimentos. A percep\u00e7\u00e3o de tempo de uma outra pessoa n\u00e3o pode ser diretamente medida ou compreendida, mas pode ser objetivamente estudada e inferida atrav\u00e9s de uma s\u00e9rie de experimentos cient\u00edficos. A percep\u00e7\u00e3o do tempo \u00e9 uma constru\u00e7\u00e3o do c\u00e9rebro que \u00e9 manipul\u00e1vel e pode ser distorcida em determinadas circunst\u00e2ncias. Estas ilus\u00f5es temporais ajudam a expor mecanismos neurais subjacentes da percep\u00e7\u00e3o do tempo.<\/p>\n\n\n\n<p><a href=\"https:\/\/pt.m.wikipedia.org\/wiki\/Percep%C3%A7%C3%A3o_temporal\">https:\/\/pt.m.wikipedia.org\/wiki\/Percep%C3%A7%C3%A3o_temporal<\/a><\/p>\n\n\n\n<h2 class=\"wp-block-heading\">Percep\u00e7\u00e3o visual<\/h2>\n\n\n\n<p>Percep\u00e7\u00e3o visual, no sentido da psicologia e das ci\u00eancias cognitivas \u00e9 uma de v\u00e1rias formas de percep\u00e7\u00e3o associadas aos sentidos. \u00c9 o produto final da vis\u00e3o consistindo na habilidade de detectar a luz e interpretar (ver) as consequ\u00eancias do est\u00edmulo luminoso, do ponto de vista est\u00e9tico e l\u00f3gico.<\/p>\n\n\n\n<p>Na est\u00e9tica, entende-se por percep\u00e7\u00e3o visual um conhecimento te\u00f3rico, descritivo, relacionado \u00e0 forma e suas express\u00f5es sensoriais. Um tipo de talento, uma caracter\u00edstica desenvolvida como uma habilidade de um escultor ou pintor que diferencia os pontos relevantes e n\u00e3o relevantes de sua obra. Para que depois de pronta \u2014 em uma an\u00e1lise mais detalhada \u2014 possa explicar os atributos ali contidos.<\/p>\n\n\n\n<p><a href=\"https:\/\/pt.m.wikipedia.org\/wiki\/Percep%C3%A7%C3%A3o_visual\">https:\/\/pt.m.wikipedia.org\/wiki\/Percep%C3%A7%C3%A3o_visual<\/a><\/p>\n\n\n\n<h2 class=\"wp-block-heading\">Perd\u00e3o<\/h2>\n\n\n\n<p>Perd\u00e3o \u00e9 o processo intencional e volunt\u00e1rio pelo qual a v\u00edtima passa por uma mudan\u00e7a de sentimentos e atitudes em rela\u00e7\u00e3o a uma ofensa criminosa, deixa de lado as emo\u00e7\u00f5es negativas, como a vingan\u00e7a com uma capacidade aumentada de desejar bem ao agressor. O perd\u00e3o \u00e9 diferente de tolerar (falhar em ver a a\u00e7\u00e3o como errada e necessitando de perd\u00e3o), desculpar (n\u00e3o considerar o ofensor como respons\u00e1vel pela a\u00e7\u00e3o), esquecer (remover a no\u00e7\u00e3o da ofensa da consci\u00eancia), indulto (concedido por um representante reconhecido da sociedade, como um juiz) e reconcilia\u00e7\u00e3o (restaura\u00e7\u00e3o de um relacionamento).<\/p>\n\n\n\n<p>Em certos contextos, o perd\u00e3o \u00e9 um termo legal para absolver ou desistir de todos os sinistros por conta de d\u00edvidas, empr\u00e9stimos, obriga\u00e7\u00e3o ou outras reivindica\u00e7\u00f5es.<\/p>\n\n\n\n<p><a href=\"https:\/\/pt.m.wikipedia.org\/wiki\/Perd%C3%A3o\">https:\/\/pt.m.wikipedia.org\/wiki\/Perd%C3%A3o<\/a><\/p>\n\n\n\n<h2 class=\"wp-block-heading\" id=\"section_0\">Personalidade<\/h2>\n\n\n\n<p><strong>Personalidade<\/strong>&nbsp;\u00e9 o conjunto de caracter\u00edsticas&nbsp;psicol\u00f3gicas&nbsp;que determinam os padr\u00f5es de pensar, sentir e agir, ou seja, a&nbsp;individualidade&nbsp;pessoal e social de algu\u00e9m. A forma\u00e7\u00e3o da personalidade \u00e9 processo gradual, complexo e \u00fanico a cada indiv\u00edduo.<\/p>\n\n\n\n<p><a href=\"https:\/\/pt.m.wikipedia.org\/wiki\/Personalidade\">https:\/\/pt.m.wikipedia.org\/wiki\/Personalidade<\/a><\/p>\n\n\n\n<h2 class=\"wp-block-heading\" id=\"section_0\">Pesquisa e desenvolvimento<\/h2>\n\n\n\n<p>atividades de conex\u00e3o com inova\u00e7\u00f5es corporativas\/empresariais ou governamentais<\/p>\n\n\n\n<p>O termo pesquisa e desenvolvimento (P&amp;D) ou investiga\u00e7\u00e3o e desenvolvimento (I&amp;D) tem um significado comercial importante que \u00e9 independente da associa\u00e7\u00e3o tradicional com pesquisa e desenvolvimento tecnol\u00f3gico.<\/p>\n\n\n\n<p>Em geral, atividades de P&amp;D s\u00e3o conduzidas por unidades especializadas ou centros de pesquisa de empresas, universidades ou ag\u00eancias do Estado.O P&amp;D define a tecnologia como o conjunto de conhecimentos m\u00e9todos e instrumentos.<\/p>\n\n\n\n<p>No \u00e2mbito comercial, &#8220;pesquisa e desenvolvimento&#8221; normalmente refere-se a atividades de longo prazo e\/ou orientadas ao futuro, relacionadas a ci\u00eancia ou tecnologia, usando t\u00e9cnicas similares ao m\u00e9todo cient\u00edfico sem que haja resultados pr\u00e9-determinados mas, com previs\u00f5es gerais de algum benef\u00edcio comercial.<\/p>\n\n\n\n<p><a href=\"https:\/\/pt.m.wikipedia.org\/wiki\/Pesquisa_e_desenvolvimento\">https:\/\/pt.m.wikipedia.org\/wiki\/Pesquisa_e_desenvolvimento<\/a><\/p>\n\n\n\n<h2 class=\"wp-block-heading\">Pessimismo<\/h2>\n\n\n\n<p>O pessimismo \u00e9 um estado de esp\u00edrito contr\u00e1rio ao otimismo, que se caracteriza por ver as coisas sempre pelo lado negativo.<\/p>\n\n\n\n<p>Segundo o dicion\u00e1rio Aur\u00e9lio, em sua vers\u00e3o eletr\u00f4nica, pessimismo \u00e9 a &#8220;disposi\u00e7\u00e3o de esp\u00edrito que leva o indiv\u00edduo a encarar tudo pelo lado negativo, a esperar de tudo o pior&#8221;. No \u00e2mbito filos\u00f3fico, segundo a mesma fonte, refere-se a um &#8220;car\u00e1ter das doutrinas metaf\u00edsicas ou morais que afirmam a supremacia do mal sobre o bem e costumam levar \u00e0 ado\u00e7\u00e3o de uma atitude geral de escapismo, imobilismo ou conformismo, quer seja o mal considerado a priva\u00e7\u00e3o dos meios de conserva\u00e7\u00e3o da vida (alimenta\u00e7\u00e3o, abrigo etc.), quer seja considerado a priva\u00e7\u00e3o dos meios de expans\u00e3o e desenvolvimento espiritual.&#8221;<\/p>\n\n\n\n<p><a href=\"https:\/\/pt.m.wikipedia.org\/wiki\/Pessimismo\">https:\/\/pt.m.wikipedia.org\/wiki\/Pessimismo<\/a><\/p>\n\n\n\n<h2 class=\"wp-block-heading\" id=\"section_0\">Pessoa (filosofia)<\/h2>\n\n\n\n<p>indiv\u00edduo com uma consci\u00eancia e identidade<\/p>\n\n\n\n<p>Em portugu\u00eas coloquial, pessoa \u00e9 sin\u00f3nimo de ser humano. Na filosofia, no entanto, h\u00e1 debates sobre o sentido preciso e o uso correto da palavra, e quais s\u00e3o os crit\u00e9rios que definem algo (ou algu\u00e9m) como &#8220;pessoa&#8221;.. Na filosofia, uma pessoa \u00e9 uma entidade que tem certas capacidades ou atributos associados a personalidade, por exemplo, em um contexto particular moral, social ou institucional. Essas capacidades ou atributos podem incluir a autoconsci\u00eancia, a no\u00e7\u00e3o de passado e futuro, e a posse de poder de\u00f4ntico, entre outros. Tamb\u00e9m, filosoficamente, uma pessoa \u00e9 o ser humano como agente moral. \u00c9 aquele que realiza uma ac\u00e7\u00e3o moral e aquele que aju\u00edza sobre ela. O conceito de &#8220;pessoa&#8221;, na filosofia, \u00e9 dif\u00edcil de definir de uma forma que seja universalmente aceita, devido \u00e0 sua variabilidade hist\u00f3rica e cultural e as controv\u00e9rsias que cercam o seu uso em alguns contextos em diferentes linhas filos\u00f3ficas.<\/p>\n\n\n\n<p><a href=\"https:\/\/pt.m.wikipedia.org\/wiki\/Pessoa_(filosofia)\">https:\/\/pt.m.wikipedia.org\/wiki\/Pessoa_(filosofia)<\/a><\/p>\n\n\n\n<h2 class=\"wp-block-heading\">Pessoal navegante comercial<\/h2>\n\n\n\n<p>Na avia\u00e7\u00e3o comercial, o Pessoal Navegante Comercial (PNC) ou Pessoal de Cabine (PC) constitui o grupo de profissionais que atua nas cabines de passageiros das aeronaves, assistindo-os, garantindo seu o conforto e zelando pela sua seguran\u00e7a.<\/p>\n\n\n\n<p>Juntamente como o pessoal navegante t\u00e9cnico (pilotos, navegadores e t\u00e9cnicos de voo), o PNC constitui a tripula\u00e7\u00e3o de uma aeronave comercial.<\/p>\n\n\n\n<p>Os profissionais do PNC s\u00e3o, genericamente, designados &#8220;comiss\u00e1rios de bordo&#8221;, &#8220;comiss\u00e1rios de voo&#8221; ou, simplesmente, &#8220;comiss\u00e1rios&#8221;. Quando do sexo feminino, o profissional \u00e9, formalmente, designado &#8220;comiss\u00e1ria&#8221; no Brasil e &#8220;assistente&#8221; em Portugal (ou, na forma popular, respetivamente: &#8220;aeromo\u00e7a&#8221; e &#8220;hospedeira do ar&#8221;). Nos restantes territ\u00f3rios e pa\u00edses de l\u00edngua portuguesa, estes profissionais s\u00e3o, genericamente, designados como em Portugal.<\/p>\n\n\n\n<p><a href=\"https:\/\/pt.m.wikipedia.org\/wiki\/Pessoal_navegante_comercial\">https:\/\/pt.m.wikipedia.org\/wiki\/Pessoal_navegante_comercial<\/a><\/p>\n\n\n\n<h2 class=\"wp-block-heading\" id=\"section_0\">Piloto (avia\u00e7\u00e3o)<\/h2>\n\n\n\n<p>pessoa que pilota aeronaves<\/p>\n\n\n\n<p>Piloto, ou aviador, \u00e9 um indiv\u00edduo que conduz aeronaves, seja profissionalmente, ou por prazer.<\/p>\n\n\n\n<p>Existem pilotos na \u00e1rea civil e militar. O piloto militar que conseguir abater, em combate, cinco, ou mais, aeronaves inimigas \u00e9 denominado um \u00e1s da avia\u00e7\u00e3o.<\/p>\n\n\n\n<p><a href=\"https:\/\/pt.m.wikipedia.org\/wiki\/Piloto_(avia%C3%A7%C3%A3o)\">https:\/\/pt.m.wikipedia.org\/wiki\/Piloto_(avia%C3%A7%C3%A3o)<\/a><\/p>\n\n\n\n<h2 class=\"wp-block-heading\" id=\"section_0\">Pintura<\/h2>\n\n\n\n<p>pr\u00e1tica art\u00edstica<\/p>\n\n\n\n<p>A pintura refere-se genericamente \u00e0 t\u00e9cnica de aplicar pigmento em forma pastosa, l\u00edquida ou em p\u00f3 a uma superf\u00edcie, a fim de colori-la, atribuindo-lhe matizes, tons e texturas.<\/p>\n\n\n\n<p>Em um sentido mais espec\u00edfico, \u00e9 a arte de pintar uma superf\u00edcie, tais como papel, tela, ou uma parede (pintura mural ou afrescos). Devido ao fato de grandes obras de arte, tais como a Mona Lisa e A \u00daltima Ceia, do renascentista Leonardo Da Vinci, serem pinturas a \u00f3leo, a t\u00e9cnica \u00e9 historicamente considerada uma das mais tradicionais das artes pl\u00e1sticas. Com o desenvolvimento tecnol\u00f3gico dos materiais, outras t\u00e9cnicas tornaram-se igualmente importantes como, por exemplo, a tinta acr\u00edlica.<\/p>\n\n\n\n<p><a href=\"https:\/\/pt.m.wikipedia.org\/wiki\/Pintura\">https:\/\/pt.m.wikipedia.org\/wiki\/Pintura<\/a><\/p>\n\n\n\n<h2 class=\"wp-block-heading\">Pitoresco<\/h2>\n\n\n\n<p>Pitoresco \u00e9 um conceito da Est\u00e9tica que faz refer\u00eancia \u00e0s impress\u00f5es subjetivas desencadeadas pela contempla\u00e7\u00e3o de uma cena paisag\u00edstica em rela\u00e7\u00e3o \u00e0 pintura. Surgiu como um intermedi\u00e1rio entre as id\u00e9ias do Sublime e do Belo, durante o desenvolvimento do Romantismo. A palavra deriva do italiano pittoresco, &#8220;semelhante ou feito como uma pintura&#8221;.<\/p>\n\n\n\n<p><a href=\"https:\/\/pt.m.wikipedia.org\/wiki\/Pitoresco\">https:\/\/pt.m.wikipedia.org\/wiki\/Pitoresco<\/a><\/p>\n\n\n\n<h2 class=\"wp-block-heading\">Pizzaria<\/h2>\n\n\n\n<p>Uma pizaria (portugu\u00eas europeu) ou pizzaria (portugu\u00eas brasileiro) (do italiano pizzeria) \u00e9 um estabelecimento, normalmente caracterizado como restaurante, cuja especialidade \u00e9 a venda de pizzas ou demais tipos de massas. Tamb\u00e9m costuma oferecer servi\u00e7o de entrega em domic\u00edlio.<\/p>\n\n\n\n<p><a href=\"https:\/\/pt.m.wikipedia.org\/wiki\/Pizzaria\">https:\/\/pt.m.wikipedia.org\/wiki\/Pizzaria<\/a><\/p>\n\n\n\n<h2 class=\"wp-block-heading\">Planejamento<\/h2>\n\n\n\n<p>O planejamento ou planeamento \u00e9 uma ferramenta administrativa, que possibilita perceber a realidade, avaliar os caminhos, construir um referencial futuro, o tr\u00e2mite adequado e reavaliar todo o processo a que o acoplamento se destina. Sendo, portanto, o lado racional da a\u00e7\u00e3o. Tratando-se de um processo de delibera\u00e7\u00e3o abstrato e expl\u00edcito que escolhe e organiza a\u00e7\u00f5es, antecipando os resultados esperados. Esta delibera\u00e7\u00e3o busca alcan\u00e7ar, da melhor forma poss\u00edvel, alguns objetivos pr\u00e9-definidos.<\/p>\n\n\n\n<p><a href=\"https:\/\/pt.m.wikipedia.org\/wiki\/Planejamento\">https:\/\/pt.m.wikipedia.org\/wiki\/Planejamento<\/a><\/p>\n\n\n\n<h2 class=\"wp-block-heading\">Planejamento urbano<\/h2>\n\n\n\n<p>O planejamento urbano(portugu\u00eas brasileiro) ou planeamento urbano(portugu\u00eas europeu) \u00e9 a disciplina e profiss\u00e3o que lida com processo de cria\u00e7\u00e3o e desenvolvimento de programas e servi\u00e7os que visam a melhorar a qualidade de vida da popula\u00e7\u00e3o de \u00e1reas urbanas (como cidades ou vilas) existentes ou a serem planeadas. O planeamento urbano, segundo um ponto de vista contempor\u00e2neo (e, em certa medida, p\u00f3s-moderno), tanto enquanto disciplina acad\u00eamica quanto como m\u00e9todo de atua\u00e7\u00e3o no ambiente urbano, lida basicamente com os processos de produ\u00e7\u00e3o, estrutura\u00e7\u00e3o e apropria\u00e7\u00e3o do espa\u00e7o urbano. A interpreta\u00e7\u00e3o destes processos, assim como o grau de altera\u00e7\u00e3o de seu encadeamento, varia de acordo com a meta a ser atingida atrav\u00e9s do processo de planejamento e do poder de atua\u00e7\u00e3o do \u00f3rg\u00e3o planeador que depende da legisla\u00e7\u00e3o em vigor, acesso a informa\u00e7\u00e3o t\u00e9cnico-cient\u00edfica, socioecon\u00f4mica, cultural, demogr\u00e1fica, geogr\u00e1fica, entre outras.<\/p>\n\n\n\n<p><a href=\"https:\/\/pt.m.wikipedia.org\/wiki\/Planejamento_urbano\">https:\/\/pt.m.wikipedia.org\/wiki\/Planejamento_urbano<\/a><\/p>\n\n\n\n<h2 class=\"wp-block-heading\" id=\"section_0\">Plantae<\/h2>\n\n\n\n<p>reino da natureza que agrupa as plantas, em um vasto conjunto de organismos eucariotas multicelulares, sem motilidade e predominantemente autotr\u00f3ficos fotossint\u00e9ticos<\/p>\n\n\n\n<p>Plantae (tamb\u00e9m designado por reino vegetal, Metaphyta ou Vegetabilia) \u00e9 o reino da natureza que agrupa as plantas, em um vasto conjunto de organismos eucariotas multicelulares, sem motilidade e predominantemente autotr\u00f3ficos fotossint\u00e9ticos, contendo c\u00e9lulas que em geral incluem um ou mais cloroplastos, organelos especializados na produ\u00e7\u00e3o de material org\u00e2nico a partir de compostos inorg\u00e2nicos e energia solar. S\u00e3o conhecidas de 300 000 a 315 000 esp\u00e9cies de plantas, das quais a maioria, de 260 000 a 290 000 esp\u00e9cies, s\u00e3o plantas com flor. Sendo um dos maiores e mais biodiversos grupos de seres vivos na Terra, as plantas verdes fornecem uma parte substancial do oxig\u00e9nio molecular e s\u00e3o a base tr\u00f3fica da maioria dos ecossistemas, especialmente dos terrestres. O ramo da biologia que estuda as plantas \u00e9 a bot\u00e2nica.<\/p>\n\n\n\n<p><a href=\"https:\/\/pt.m.wikipedia.org\/wiki\/Plantae\">https:\/\/pt.m.wikipedia.org\/wiki\/Plantae<\/a><\/p>\n\n\n\n<h2 class=\"wp-block-heading\" id=\"section_0\">Pol\u00edcia<\/h2>\n\n\n\n<p>institui\u00e7\u00e3o constitu\u00edda pelo Estado para o cumprimento da lei<\/p>\n\n\n\n<p>Em termos gerais, pol\u00edcia \u00e9 a atividade de vigiar, policiar. Muitos governos t\u00eam uma institui\u00e7\u00e3o policial para aplica\u00e7\u00e3o de leis. Por extens\u00e3o, o termo &#8220;pol\u00edcia&#8221; \u00e9, tamb\u00e9m, utilizado para designar as corpora\u00e7\u00f5es e as pessoas que t\u00eam, como principal fun\u00e7\u00e3o, o exerc\u00edcio daquela atividade.<\/p>\n\n\n\n<p>Hoje em dia, o termo &#8220;pol\u00edcia&#8221; est\u00e1, normalmente, associado aos servi\u00e7os e agentes do estado nos quais o mesmo delega a autoridade para o exerc\u00edcio dos seus poderes de pol\u00edcia, dentro de um limite definido de responsabilidade legal, territorial ou funcional. Normalmente, aos agentes de autoridade policial \u00e9 concedido um poder para o uso da for\u00e7a no \u00e2mbito do cumprimento de leis.<\/p>\n\n\n\n<p><a href=\"https:\/\/pt.m.wikipedia.org\/wiki\/Pol%C3%ADcia\">https:\/\/pt.m.wikipedia.org\/wiki\/Pol%C3%ADcia<\/a><\/p>\n\n\n\n<h2 class=\"wp-block-heading\" id=\"section_0\">Pol\u00edtica<\/h2>\n\n\n\n<p>pr\u00e1tica do poder<\/p>\n\n\n\n<p>Pol\u00edtica (do Grego: \u03c0\u03bf\u03bb\u03b9\u03c4\u03b9\u03ba\u03cc\u03c2 \/ politikos, significa &#8221; algo relacionado com grupos sociais que integram a P\u00f3lis &#8220;), algo que tem a ver com a organiza\u00e7\u00e3o, dire\u00e7\u00e3o e administra\u00e7\u00e3o de na\u00e7\u00f5es ou Estados. \u00c9 o Direito, enquanto ci\u00eancia aplicada n\u00e3o s\u00f3 aos assuntos internos da na\u00e7\u00e3o (pol\u00edtica interna), mas tamb\u00e9m aos assuntos externos (pol\u00edtica externa). Nos regimes democr\u00e1ticos, a ci\u00eancia pol\u00edtica \u00e9 a atividade dos cidad\u00e3os que se ocupam dos assuntos p\u00fablicos com seu voto ou com sua milit\u00e2ncia.<\/p>\n\n\n\n<p>A palavra tem origem nos tempos em que os gregos estavam organizados em P\u00f3lis (cidades-estado), nome do qual se derivaram palavras como &#8220;politik\u00e9&#8221; (pol\u00edtica em geral) e &#8220;politik\u00f3s&#8221; (dos cidad\u00e3os, pertencente aos cidad\u00e3os), que estenderam-se ao latim &#8220;politicus&#8221; e chegaram \u00e0s l\u00ednguas europeias modernas atrav\u00e9s do franc\u00eas &#8220;politique&#8221; que, em 1265 j\u00e1 era definida nesse idioma como &#8220;ci\u00eancia dos Estados&#8221;.<\/p>\n\n\n\n<p><a href=\"https:\/\/pt.m.wikipedia.org\/wiki\/Pol%C3%ADtica\">https:\/\/pt.m.wikipedia.org\/wiki\/Pol%C3%ADtica<\/a><\/p>\n\n\n\n<h2 class=\"wp-block-heading\">Popula\u00e7\u00e3o mundial<\/h2>\n\n\n\n<p>Em termos demogr\u00e1ficos, a popula\u00e7\u00e3o mundial \u00e9 o total de humanos atualmente vivendo no planeta Terra. Estima-se que a popula\u00e7\u00e3o global chegou a 7,8 bilh\u00f5es, em julho de 2020. As Na\u00e7\u00f5es Unidas estimam que a popula\u00e7\u00e3o humana chegar\u00e1 at\u00e9 11,2 bilh\u00f5es em 2100.<\/p>\n\n\n\n<p><a href=\"https:\/\/pt.m.wikipedia.org\/wiki\/Popula%C3%A7%C3%A3o_mundial\">https:\/\/pt.m.wikipedia.org\/wiki\/Popula%C3%A7%C3%A3o_mundial<\/a><\/p>\n\n\n\n<h2 class=\"wp-block-heading\">Praxeologia<\/h2>\n\n\n\n<p>Praxeologia que vem do grego praxis (a\u00e7\u00e3o, pr\u00e1tica) \u00e9 uma metodologia que tenta explicar a estrutura l\u00f3gica da a\u00e7\u00e3o humana. Comumente se relaciona com a obra do economista austr\u00edaco Ludwig von Mises e seus seguidores da Escola Austr\u00edaca. Para Mises, praxeologia \u00e9 o estudo dos fatores que levam as pessoas a atingirem seus prop\u00f3sitos.<\/p>\n\n\n\n<p>Para a praxeologia a A\u00e7\u00e3o humana \u00e9 todo comportamento propositado, aquele que busca atingir um dado fim, de longo alcance. Comportamento propositado \u00e9 consciente, o oposto de comportamento inconsciente, isto \u00e9, do comportamento realizado por atos reflexos, respostas involunt\u00e1rias das c\u00e9lulas e nervos do corpo aos est\u00edmulos. Para Ludwig von Mises, a praxeologia \u00e9 uma ci\u00eancia formal: &#8220;O conhecimento humano \u00e9 condicionado pela estrutura da mente humana. O conte\u00fado do pensamento do homem primitivo difere do conte\u00fado do nosso pensamento, mas a estrutura formal e l\u00f3gica \u00e9 comum a ambos. A praxeologia \u00e9 neutra em rela\u00e7\u00e3o a todos os julgamentos de valor e \u00e0 escolha de objetivos finais. Sua tarefa n\u00e3o \u00e9 a de aprovar ou desaprovar, mas a de descrever o que \u00e9.&#8221;.<\/p>\n\n\n\n<p><a href=\"https:\/\/pt.m.wikipedia.org\/wiki\/Praxeologia\">https:\/\/pt.m.wikipedia.org\/wiki\/Praxeologia<\/a><\/p>\n\n\n\n<h2 class=\"wp-block-heading\" id=\"section_0\">Prazer<\/h2>\n\n\n\n<p><strong>Prazer<\/strong>&nbsp;(do&nbsp;latim<em>placere<\/em>) \u00e9 uma sensa\u00e7\u00e3o de&nbsp;bem-estar. Uma pessoa pode ter prazer sem demonstrar&nbsp;alegria&nbsp;e vice-versa, mas socialmente as pessoas costumam demonstrar alegria ao sentir prazer. Em geral, o prazer \u00e9 uma resposta do organismo ou da mente indicando que nossas a\u00e7\u00f5es est\u00e3o sendo ben\u00e9ficas a nossa&nbsp;sa\u00fade. O prazer pode ser atingido atrav\u00e9s de v\u00e1rias maneiras, tais como praticando&nbsp;exerc\u00edcios f\u00edsicos,&nbsp;comendo, tendo&nbsp;rela\u00e7\u00f5es sexuais, escutando&nbsp;m\u00fasica,&nbsp;lendo,&nbsp;conversando,&nbsp;trabalhando&nbsp;etc.<\/p>\n\n\n\n<p><a href=\"https:\/\/pt.m.wikipedia.org\/wiki\/Prazer\">https:\/\/pt.m.wikipedia.org\/wiki\/Prazer<\/a><\/p>\n\n\n\n<h2 class=\"wp-block-heading\">Preliminares<\/h2>\n\n\n\n<p>Na rela\u00e7\u00e3o sexual humana, preliminares s\u00e3o jogos de intimidades psicol\u00f3gicas e de atos corporais entre duas ou mais pessoas que promovem o aumento da excita\u00e7\u00e3o sexual entre os parceiros.<\/p>\n\n\n\n<p>Entre os sexos, nas rela\u00e7\u00f5es heterossexuais, h\u00e1 diferen\u00e7as de comportamento no ato sexual, a mulher valoriza mais o afeto, o carinho, o tempo junto com o parceiro, assim sendo, as preliminares e em dar prazer ao parceiro, enquanto para o homem o foco principal \u00e9 o pr\u00f3prio prazer, que est\u00e1 vinculado \u00e0 confirma\u00e7\u00e3o de seu bom desempenho.<\/p>\n\n\n\n<p><a href=\"https:\/\/pt.m.wikipedia.org\/wiki\/Preliminares\">https:\/\/pt.m.wikipedia.org\/wiki\/Preliminares<\/a><\/p>\n\n\n\n<h2 class=\"wp-block-heading\">Preocupa\u00e7\u00e3o<\/h2>\n\n\n\n<p>A preocupa\u00e7\u00e3o (do termo latino praeoccupatione) \u00e9 uma ideia antecipada que gera sofrimento.<\/p>\n\n\n\n<p><a href=\"https:\/\/pt.m.wikipedia.org\/wiki\/Preocupa%C3%A7%C3%A3o\">https:\/\/pt.m.wikipedia.org\/wiki\/Preocupa%C3%A7%C3%A3o<\/a><\/p>\n\n\n\n<h2 class=\"wp-block-heading\">Presb\u00edtero<\/h2>\n\n\n\n<p>Presb\u00edtero (do grego \u03c0\u03c1\u03b5\u03c3\u03b2\u03cd\u03c4\u03b5\u03c1\u03bf\u03c2,: &#8220;anci\u00e3o&#8221; ou &#8220;sacerdote&#8221; usado no cristianismo) no Novo Testamento refere-se a um l\u00edder nas congrega\u00e7\u00f5es crist\u00e3s locais, com refer\u00eancia ao &#8220;presbyteros&#8221; grego significando anci\u00e3o\/senhor e &#8220;episkopos&#8221; significando supervisor, referindo-se exclusivamente ao of\u00edcio de bispo, mas com presb\u00edteros sendo entendidos por muitos como se referindo a mesma pessoa que realiza a fun\u00e7\u00e3o de administrador.<\/p>\n\n\n\n<p>No uso moderno Cat\u00f3lico e Ortodoxo, presb\u00edtero, diferente de bispo, \u00e9 sin\u00f4nimo de sacerdote. Entretanto, no uso predominante (car\u00e1ter majorit\u00e1rio) do protestantismo, o termo n\u00e3o \u00e9 visto como se referindo a um membro de um sacerd\u00f3cio, denominado sacerdotes, mas, em vez disso, termos como ministro, pastor e anci\u00e3o s\u00e3o usados. No Presbiterianismo (especialmente a Igreja Presbiteriana do Brasil), cujo nome deriva justamente de \u201cpresb\u00edtero\u201d, por ser por eles governado, os presb\u00edteros s\u00e3o divididos em duas categorias: Presb\u00edteros docentes (pastores, dedicados \u00e0 prega\u00e7\u00e3o e execu\u00e7\u00e3o dos sacramentos Batismo e Santa Ceia, majoritariamente) e Presb\u00edteros regentes (volunt\u00e1rios que s\u00e3o eleitos pelos membros da igreja para lhes representar no governo tanto na igreja local como nos conc\u00edlios, n\u00e3o estando, hierarquicamente, abaixo dos presb\u00edteros docentes).<\/p>\n\n\n\n<p><a href=\"https:\/\/pt.m.wikipedia.org\/wiki\/Presb%C3%ADtero\">https:\/\/pt.m.wikipedia.org\/wiki\/Presb%C3%ADtero<\/a><\/p>\n\n\n\n<h2 class=\"wp-block-heading\">Prest\u00edgio<\/h2>\n\n\n\n<p>Prest\u00edgio \u00e9 uma avalia\u00e7\u00e3o que normalmente descreve reputa\u00e7\u00e3o, embora ela tenha outros significados relacionados que podem, em certo grau, ser contradit\u00f3rios. Qual significado deve ser aplicado, depende do contexto hist\u00f3rico e da pessoa que usa a palavra.<\/p>\n\n\n\n<p><a href=\"https:\/\/pt.m.wikipedia.org\/wiki\/Prest%C3%ADgio\">https:\/\/pt.m.wikipedia.org\/wiki\/Prest%C3%ADgio<\/a><\/p>\n\n\n\n<h2 class=\"wp-block-heading\" id=\"section_0\">Professor<\/h2>\n\n\n\n<p>pessoa que fornece educa\u00e7\u00e3o para alunos<\/p>\n\n\n\n<p>Professor ou docente \u00e9 uma pessoa que ensina ci\u00eancia, arte, t\u00e9cnica ou outros conhecimentos. Para o exerc\u00edcio dessa profiss\u00e3o, requer-se qualifica\u00e7\u00f5es acad\u00e9micas e pedag\u00f3gicas, para que consiga transmitir\/ensinar a mat\u00e9ria de estudo da melhor forma poss\u00edvel ao aluno.<\/p>\n\n\n\n<p>\u00c9 uma das profiss\u00f5es mais importantes, tendo em vista que as demais, na sua maioria, dependem dela. J\u00e1 Plat\u00e3o, na sua obra A Rep\u00fablica, alertava para a import\u00e2ncia do papel do professor na forma\u00e7\u00e3o do cidad\u00e3o.<\/p>\n\n\n\n<p>O Dia Mundial dos Professores celebra-se a 5 de outubro. No Brasil, o Dia do Professor \u00e9 dez dias depois, em 15 de outubro.<\/p>\n\n\n\n<p><a href=\"https:\/\/pt.m.wikipedia.org\/wiki\/Professor\">https:\/\/pt.m.wikipedia.org\/wiki\/Professor<\/a><\/p>\n\n\n\n<h2 class=\"wp-block-heading\" id=\"section_0\">Profiss\u00e3o<\/h2>\n\n\n\n<p>voca\u00e7\u00e3o baseada em uma forma\u00e7\u00e3o educacional especializada<\/p>\n\n\n\n<p>Profiss\u00e3o \u00e9 um trabalho ou atividade especializada dentro da sociedade, geralmente exercida por um profissional. Algumas atividades requerem estudos de um dado conhecimento, como as profiss\u00f5es de m\u00e9dico, advogado, engenheiro, bi\u00f3logo, ou arquiteto, por exemplo. Outras dependem de habilidades pr\u00e1ticas, como as profiss\u00f5es de faxineiro ou jardineiro, por exemplo.<\/p>\n\n\n\n<p>No sentido mais amplo da palavra, portanto, o conceito de profiss\u00e3o tem a ver com ocupa\u00e7\u00e3o profissional, ou seja, uma atividade produtiva\/profissional que o indiv\u00edduo desempenha perante a sociedade onde est\u00e1 inserido.<\/p>\n\n\n\n<p><a href=\"https:\/\/pt.m.wikipedia.org\/wiki\/Profiss%C3%A3o\">https:\/\/pt.m.wikipedia.org\/wiki\/Profiss%C3%A3o<\/a><\/p>\n\n\n\n<h2 class=\"wp-block-heading\">Propriedade (direito)<\/h2>\n\n\n\n<p>Propriedade \u00e9 o direito objetivo que permite a uma pessoa (denominada ent\u00e3o &#8220;propriet\u00e1rio&#8221;) a posse de uma coisa, em todas as suas rela\u00e7\u00f5es como indiv\u00edduo. \u00c9 tamb\u00e9m o direito\/faculdade de usar e dispor da coisa, al\u00e9m do direito de reav\u00ea-la de quem injustamente a possua ou detenha, e somente pode ser aplicada a algo escasso. Orlando Gomes descreve que \u00e9 ainda um direito complexo, absoluto, perp\u00e9tuo e exclusivo. Algumas correntes jur\u00eddicas, econ\u00f4micas e at\u00e9 filos\u00f3ficas v\u00e3o entender o direito \u00e0 propriedade como um direito natural, concep\u00e7\u00e3o cuja pr\u00f3pria aceita\u00e7\u00e3o n\u00e3o \u00e9 un\u00edssona no meio acad\u00eamico e jur\u00eddico.<\/p>\n\n\n\n<p>Em economia, propriedade significa o direito de tomar decis\u00f5es sobre um recurso escasso (de como us\u00e1-lo, ou at\u00e9 mesmo se usar\u00e1 ou n\u00e3o, ou de vend\u00ea-lo); este recurso \u00e9 propriedade de seu dono.<\/p>\n\n\n\n<p><a href=\"https:\/\/pt.m.wikipedia.org\/wiki\/Propriedade_(direito)\">https:\/\/pt.m.wikipedia.org\/wiki\/Propriedade_(direito)<\/a><\/p>\n\n\n\n<h2 class=\"wp-block-heading\">Propriocep\u00e7\u00e3o<\/h2>\n\n\n\n<p>Propriocep\u00e7\u00e3o, tamb\u00e9m denominada como cinestesia, \u00e9 o termo utilizado para nomear a capacidade em reconhecer a localiza\u00e7\u00e3o espacial do corpo, sua posi\u00e7\u00e3o e orienta\u00e7\u00e3o, a for\u00e7a exercida pelos m\u00fasculos e a posi\u00e7\u00e3o de cada parte do corpo em rela\u00e7\u00e3o \u00e0s demais, sem utilizar a vis\u00e3o. Este tipo espec\u00edfico de percep\u00e7\u00e3o permite a manuten\u00e7\u00e3o do equil\u00edbrio postural e a realiza\u00e7\u00e3o de diversas atividades pr\u00e1ticas. Resulta da intera\u00e7\u00e3o das fibras musculares que trabalham para manter o corpo na sua base de sustenta\u00e7\u00e3o, de informa\u00e7\u00f5es t\u00e1teis e do sistema vestibular, localizado no ouvido interno.<\/p>\n\n\n\n<p><a href=\"https:\/\/pt.m.wikipedia.org\/wiki\/Propriocep%C3%A7%C3%A3o\">https:\/\/pt.m.wikipedia.org\/wiki\/Propriocep%C3%A7%C3%A3o<\/a><\/p>\n\n\n\n<h2 class=\"wp-block-heading\">Prova<\/h2>\n\n\n\n<p>A palavra prova no processo, bem como em outros ramos das ci\u00eancias, pode assumir diferentes conota\u00e7\u00f5es. Tanto o \u00e9 que possui v\u00e1rios sentidos tanto na linguagem popular quanto no uso t\u00e9cnico, e dentre eles, o dos juristas.<\/p>\n\n\n\n<p>Em direito, prova \u00e9 todo meio destinado a convencer o juiz, seu destinat\u00e1rio, a respeito da verdade de um fato levado a julgamento. As provas fornecem elementos para que o juiz forme convencimento a respeito de fatos controvertidos relevantes para o processo. Portanto, se destina a firmar a convic\u00e7\u00e3o do juiz sobre a verdade dos fatos alegados pelas partes em ju\u00edzo, embora juristas como Carlos Henrique Soares alertem para o fato de que nem sempre prova \u00e9 a extens\u00e3o da verdade.<\/p>\n\n\n\n<p><a href=\"https:\/\/pt.m.wikipedia.org\/wiki\/Prova\">https:\/\/pt.m.wikipedia.org\/wiki\/Prova<\/a><\/p>\n\n\n\n<h2 class=\"wp-block-heading\">Prurido<\/h2>\n\n\n\n<p>O prurido (do latim &#8220;pruritu&#8221;), designado tamb\u00e9m por coceira ou comich\u00e3o, corresponde a uma sensa\u00e7\u00e3o desagrad\u00e1vel causada por doen\u00e7as ou agentes irritantes, que levam o indiv\u00edduo a co\u00e7ar-se em procura de al\u00edvio, e constitui uma das queixas mais comuns dentro das patologias dermatol\u00f3gicas.<\/p>\n\n\n\n<p>Os receptores de prurido s\u00e3o encontrados, exclusivamente, na pele, mucosas e c\u00f3rnea. Trata-se de termina\u00e7\u00f5es nervosas desmielinizadas com formato semelhante a uma escova (peniciliforme). Usualmente, o prurido \u00e9 causado por uma doen\u00e7a cut\u00e2nea prim\u00e1ria com les\u00e3o e exantema resultantes, todavia pode ocorrer sem estes. Este \u00e9 o denominado prurido essencial que, geralmente, estabelece-se de maneira r\u00e1pida interferindo com as atividades cotidianas normais. O prurido costuma ser relatado com maior intensidade \u00e0 noite, sendo relatado com pouca freq\u00fc\u00eancia durante o per\u00edodo em que a pessoa est\u00e1 desperta, provavelmente porque esta se encontra distra\u00edda com outras atividades.<\/p>\n\n\n\n<p><a href=\"https:\/\/pt.m.wikipedia.org\/wiki\/Prurido\">https:\/\/pt.m.wikipedia.org\/wiki\/Prurido<\/a><\/p>\n\n\n\n<h2 class=\"wp-block-heading\" id=\"section_0\">Psican\u00e1lise<\/h2>\n\n\n\n<p>campo cl\u00ednico e de investiga\u00e7\u00e3o te\u00f3rica da psique humana<\/p>\n\n\n\n<p>Psican\u00e1lise \u00e9 um campo cl\u00ednico e de investiga\u00e7\u00e3o te\u00f3rica da psique humana independente da Psicologia, com origem na Medicina, desenvolvido por Sigmund Freud, m\u00e9dico, que se formou em 1881, trabalhou no Hospital Geral de Viena e teve contato com o neurologista franc\u00eas Jean-Martin Charcot, que lhe mostrou o uso da hipnose.<\/p>\n\n\n\n<p><a href=\"https:\/\/pt.m.wikipedia.org\/wiki\/Psican%C3%A1lise\">https:\/\/pt.m.wikipedia.org\/wiki\/Psican%C3%A1lise<\/a><\/p>\n\n\n\n<h2 class=\"wp-block-heading\" id=\"section_0\">Psicologia<\/h2>\n\n\n\n<p>estudo das fun\u00e7\u00f5es e do comportamento da mente humana &#8211; <strong>Psicologia<\/strong>&nbsp;\u00e9 o estudo do&nbsp;comportamento&nbsp;e as&nbsp;fun\u00e7\u00f5es mentais. A psicologia tem como objetivo imediato a compreens\u00e3o de grupos e indiv\u00edduos tanto pelo estabelecimento de princ\u00edpios universais como pelo estudo de casos espec\u00edficos, e tem, segundo alguns, como objetivo final o benef\u00edcio geral da sociedade.<\/p>\n\n\n\n<p><a href=\"https:\/\/pt.m.wikipedia.org\/wiki\/Psicologia\">https:\/\/pt.m.wikipedia.org\/wiki\/Psicologia<\/a><\/p>\n\n\n\n<h2 class=\"wp-block-heading\">Psicologia cl\u00ednica<\/h2>\n\n\n\n<p>Psicologia Cl\u00ednica \u00e9 a parte da psicologia que se dedica ao estudo dos transtornos mentais e dos aspectos ps\u00edquicos de doen\u00e7as n\u00e3o mentais. Seus temas incluem a etiologia, classifica\u00e7\u00e3o, diagn\u00f3stico, epidemiologia, interven\u00e7\u00e3o (preven\u00e7\u00e3o, aconselhamento, psicoterapia, reabilita\u00e7\u00e3o, acesso \u00e0 sa\u00fade, avalia\u00e7\u00e3o).<\/p>\n\n\n\n<p>Em l\u00edngua inglesa se usa, ao lado do termo clinical psychology, tamb\u00e9m o termo &#8220;abnormal psychology&#8221;. Este \u00faltimo \u00e9 ora usado como sin\u00f4nimo do primeiro (ex. Kring et al., 2006), ora significando apenas a descri\u00e7\u00e3o e a etiologia dos transtornos mentais (ex. Eysenk, 1973).<\/p>\n\n\n\n<p><a href=\"https:\/\/pt.m.wikipedia.org\/wiki\/Psicologia_cl%C3%ADnica\">https:\/\/pt.m.wikipedia.org\/wiki\/Psicologia_cl%C3%ADnica<\/a><\/p>\n\n\n\n<h2 class=\"wp-block-heading\">Psicologia cognitiva<\/h2>\n\n\n\n<p>A psicologia cognitiva estuda a cogni\u00e7\u00e3o, os processos mentais que est\u00e3o por detr\u00e1s do comportamento. \u00c9 uma das disciplinas da ci\u00eancia cognitiva. Esta \u00e1rea de investiga\u00e7\u00e3o cobre diversos dom\u00ednios, examinando quest\u00f5es sobre a mem\u00f3ria, aten\u00e7\u00e3o, percep\u00e7\u00e3o, representa\u00e7\u00e3o de conhecimento, racioc\u00ednio, criatividade e resolu\u00e7\u00e3o de problemas. Pode-se definir cogni\u00e7\u00e3o como a capacidade para armazenar, transformar e aplicar o conhecimento, sendo um amplo leque de processos mentais.<\/p>\n\n\n\n<p><a href=\"https:\/\/pt.m.wikipedia.org\/wiki\/Psicologia_cognitiva\">https:\/\/pt.m.wikipedia.org\/wiki\/Psicologia_cognitiva<\/a><\/p>\n\n\n\n<h2 class=\"wp-block-heading\">Psicologia educacional<\/h2>\n\n\n\n<p>Psicologia educacional ou psicologia da educa\u00e7\u00e3o \u00e9 o ramo da psicologia que estuda o processo de ensino\/aprendizagem em diversas vertentes: os mecanismos de aprendizagem nas crian\u00e7as e adultos (o que est\u00e1 estreitamente relacionado com a psicologia do desenvolvimento); a efici\u00eancia e efic\u00e1cia das t\u00e1cticas e estrat\u00e9gias educacionais; bem como o estudo do funcionamento da pr\u00f3pria institui\u00e7\u00e3o escolar enquanto organiza\u00e7\u00e3o (onde se cruza com a psicologia social). Os psic\u00f3logos educacionais desenvolvem o seu trabalho em conjunto com os educadores de forma a tornar o processo de aprendizagem mais efetivo e significativo para o educando, principalmente no que diz respeito \u00e0 motiva\u00e7\u00e3o e \u00e0s dificuldades de aprendizagem. Focam a sua a\u00e7\u00e3o n\u00e3o apenas nas necessidades da crian\u00e7a na escola como, tamb\u00e9m, em outras \u00e1reas onde as experi\u00eancias escolares t\u00eam impacto. Alguns psic\u00f3logos escolares centram o seu trabalho no desenvolvimento das capacidades e necessidades das crian\u00e7as com dificuldades de aprendizagem, como no caso da Desordem por d\u00e9fice de aten\u00e7\u00e3o com hiperatividade, problemas emocionais ou problemas comportamentais.<\/p>\n\n\n\n<p><a href=\"https:\/\/pt.m.wikipedia.org\/wiki\/Psicologia_educacional\">https:\/\/pt.m.wikipedia.org\/wiki\/Psicologia_educacional<\/a><\/p>\n\n\n\n<h2 class=\"wp-block-heading\">Psicologia positiva<\/h2>\n\n\n\n<p>A&nbsp;<strong>psicologia positiva<\/strong>&nbsp;\u00e9 um movimento recente dentro da&nbsp;ci\u00eancia psicol\u00f3gica&nbsp;que visa a fazer com que os psic\u00f3logos contempor\u00e2neos adotem &#8220;uma vis\u00e3o mais aberta e apreciativa dos potenciais, das motiva\u00e7\u00f5es e das capacidades humanas&#8221; (Fonte: Sheldon &amp; King, 2001, p. 216),&nbsp;enfatizando mais a busca pela&nbsp;felicidade&nbsp;humana que o estudo das&nbsp;doen\u00e7as mentais.<\/p>\n\n\n\n<p><a href=\"https:\/\/pt.m.wikipedia.org\/wiki\/Psicologia_positiva\">https:\/\/pt.m.wikipedia.org\/wiki\/Psicologia_positiva<\/a><\/p>\n\n\n\n<h2 class=\"wp-block-heading\" id=\"section_0\">Psicometria (psicologia)<\/h2>\n\n\n\n<p>\u00e1rea da Psicologia que faz v\u00ednculo entre as ci\u00eancias exatas, a Estat\u00edstica e a Psicologia<\/p>\n\n\n\n<p>Psicometria (do grego psyk\u00e9, alma e metron, medida, medi\u00e7\u00e3o) \u00e9 uma \u00e1rea da Psicologia que faz v\u00ednculo entre as ci\u00eancias exatas, principalmente a matem\u00e1tica aplicada com foco espec\u00edfico na Estat\u00edstica, dessa forma assumindo o modelo quantitativista em Psicologia. Sendo uma das \u00e1reas mais antigas dentro desse campo do saber. Hutz traz que h\u00e1 registros de aplica\u00e7\u00e3o de testagens h\u00e1 mais de 2.200 anos no Imp\u00e9rio Chin\u00eas durante a Dinastia Han, com o intuito de criar um sistema imperial de sele\u00e7\u00e3o. Sua defini\u00e7\u00e3o consiste no conjunto de t\u00e9cnicas utilizadas para mensurar, de forma adequada e comprovada experimentalmente, um conjunto ou uma gama de comportamentos, ou construtos (tamb\u00e9m chamados de vari\u00e1veis latentes) que n\u00e3o podem ser observados diretamente, com o intuito de obter informa\u00e7\u00f5es sobre o funcionamento de um determinado sujeito. Exemplos desses construtos seriam intelig\u00eancia, personalidade, aten\u00e7\u00e3o, satisfa\u00e7\u00e3o com o trabalho e etc.<\/p>\n\n\n\n<p>O Psic\u00f3logo psicometrista possui, em seu espectro atuacional, caracter\u00edsticas para levar a cabo a defini\u00e7\u00e3o desta \u00e1rea, bem como para manusear os testes psicol\u00f3gicos de acordo com alguns crit\u00e9rios b\u00e1sicos. Estes s\u00e3o: Validade, Fidedignidade e Padroniza\u00e7\u00e3o. Qualquer teste que se preste \u00e0 valida\u00e7\u00e3o e, posteriormente ao uso, deve ser fruto de pesquisas nessa \u00e1rea.<\/p>\n\n\n\n<p><a href=\"https:\/\/pt.m.wikipedia.org\/wiki\/Psicometria_(psicologia)\">https:\/\/pt.m.wikipedia.org\/wiki\/Psicometria_(psicologia)<\/a><\/p>\n\n\n\n<h2 class=\"wp-block-heading\" id=\"section_0\">Psicoterapia<\/h2>\n\n\n\n<p>terapia aplicada para tratar problemas psicol\u00f3gicos<\/p>\n\n\n\n<p>A psicoterapia (do grego psykh\u0113 &#8211; mente, e therapeuein &#8211; curar; primeira refer\u00eancia ca. 1890) \u00e9 um tipo de terapia cuja finalidade \u00e9 tratar os problemas psicol\u00f3gicos, tais como depress\u00e3o, ansiedade, dificuldades de relacionamento, entre outros problemas de sa\u00fade mental. \u00c9 um processo dial\u00e9tico efetuado entre um profissional e o paciente ou cliente.<\/p>\n\n\n\n<p><a href=\"https:\/\/pt.m.wikipedia.org\/wiki\/Psicoterapia\">https:\/\/pt.m.wikipedia.org\/wiki\/Psicoterapia<\/a><\/p>\n\n\n\n<h2 class=\"wp-block-heading\" id=\"section_0\">Psique<\/h2>\n\n\n\n<p><strong>Psique<\/strong>&nbsp;(do&nbsp;grego&nbsp;\u03c8\u03c5\u03c7\u03ae,&nbsp;translit.<em>psych\u1e17<\/em>, originalmente &#8220;respira\u00e7\u00e3o&#8221;, &#8220;sopro&#8221;, por \u03c8\u03cd\u03c7\u03c9, &#8220;eu respiro &#8220;)&nbsp;era, entre os&nbsp;antigos gregos, um conceito que definia o auto (&#8220;si mesmo&#8221;), abrangendo as ideias modernas de&nbsp;alma,&nbsp;ego,&nbsp;mente&nbsp;e esp\u00edrito.<\/p>\n\n\n\n<p><a href=\"https:\/\/pt.m.wikipedia.org\/wiki\/Psique\">https:\/\/pt.m.wikipedia.org\/wiki\/Psique<\/a><\/p>\n\n\n\n<h2 class=\"wp-block-heading\" id=\"section_0\">Psiquiatria<\/h2>\n\n\n\n<p><strong>Psiquiatria<\/strong>&nbsp;\u00e9 a especialidade da&nbsp;Medicina&nbsp;que lida com a preven\u00e7\u00e3o, atendimento, diagn\u00f3stico, tratamento e reabilita\u00e7\u00e3o das diferentes formas de sofrimentos mentais, sejam elas de cunho org\u00e2nico ou funcional, com manifesta\u00e7\u00f5es psicol\u00f3gicas severas.<\/p>\n\n\n\n<p><a href=\"https:\/\/pt.m.wikipedia.org\/wiki\/Psiquiatria\">https:\/\/pt.m.wikipedia.org\/wiki\/Psiquiatria<\/a><\/p>\n\n\n\n<h2 class=\"wp-block-heading\" id=\"section_0\"><em>Pub<\/em><\/h2>\n\n\n\n<p>estabelecimento que serve bebidas alco\u00f3licas para consumo nas instala\u00e7\u00f5es<\/p>\n\n\n\n<p>Pub deriva do nome formal ingl\u00eas &#8220;Public House&#8221;, casa p\u00fablica em ingl\u00eas. Popularmente conhecido como um estabelecimento licenciado para servir bebidas alco\u00f3licas, originalmente em pa\u00edses e regi\u00f5es de influ\u00eancia brit\u00e2nica, esses locais tamb\u00e9m t\u00eam historicamente a fun\u00e7\u00e3o de centros sociais, de lazer e restaurantes.<\/p>\n\n\n\n<p>O termo public house apareceu pela primeira vez no final do s\u00e9culo XVII e era usado para diferenciar as casas particulares daquelas que eram, literalmente, abertas ao p\u00fablico. No s\u00e9culo XVIII, tornou-se linguagem comum e passou a se espalhar pelo Reino Unido, tornando-se muito popular no s\u00e9culo XIX. Mais que locais para beber, os pubs t\u00eam historicamente uma fun\u00e7\u00e3o social, servindo de local de lazer e recrea\u00e7\u00e3o para o p\u00fablico.<\/p>\n\n\n\n<p>O pub que oferece acomoda\u00e7\u00f5es e refei\u00e7\u00f5es pode ser chamado de \u201cinn\u201d ou mais recentemente chamado de \u201chotel\u201d no Reino Unido. Hoje em dia muitos pubs no Reino Unido, no Canad\u00e1, na Austr\u00e1lia e na Nova Zel\u00e2ndia, que ainda mant\u00eam a palavra \u201cinn\u201d ou \u201chotel\u201d no nome, n\u00e3o mais oferecem acomoda\u00e7\u00f5es e em muitos casos nunca o fizeram.<\/p>\n\n\n\n<p><a href=\"https:\/\/pt.m.wikipedia.org\/wiki\/Pub\">https:\/\/pt.m.wikipedia.org\/wiki\/Pub<\/a><\/p>\n","protected":false},"excerpt":{"rendered":"<p>Todas as p\u00e1ginas pt.m.wikipedia.org Apresentar p\u00e1ginas desde: P https:\/\/pt.m.wikipedia.org\/wiki\/Especial:Todas_as_p%C3%A1ginas?from=P&amp;to=&amp;namespace=0 Padre ministro de qualquer uma das 24 igrejas cat\u00f3licas, que receberam o segundo grau do sacramento da ordem. Eles podem administrar cinco dos sete sacramentos, exceto para a confirma\u00e7\u00e3o e ordena\u00e7\u00e3o sacerdotal, reservados para o bispo Padre&nbsp;\u00e9 o&nbsp;t\u00edtulo&nbsp;atribu\u00eddo ao ministro&nbsp;religioso&nbsp;na&nbsp;Igreja Cat\u00f3lica Romana,&nbsp;Ortodoxa&nbsp;e&nbsp;Anglicana. https:\/\/pt.m.wikipedia.org\/wiki\/Padre Paix\u00e3o (sentimento) sentimento [&hellip;]<\/p>\n","protected":false},"author":1,"featured_media":0,"comment_status":"open","ping_status":"open","sticky":false,"template":"","format":"standard","meta":{"footnotes":""},"categories":[2],"tags":[],"class_list":["post-63","post","type-post","status-publish","format-standard","hentry","category-5g"],"yoast_head":"<!-- This site is optimized with the Yoast SEO plugin v20.9 - https:\/\/yoast.com\/wordpress\/plugins\/seo\/ -->\n<title>P - 5G - o5go.com\/pt<\/title>\n<meta name=\"robots\" content=\"index, follow, max-snippet:-1, max-image-preview:large, max-video-preview:-1\" \/>\n<link rel=\"canonical\" href=\"https:\/\/o5go.com\/pt\/p\/\" \/>\n<meta property=\"og:locale\" content=\"pt_PT\" \/>\n<meta property=\"og:type\" content=\"article\" \/>\n<meta property=\"og:title\" content=\"P - 5G - o5go.com\/pt\" \/>\n<meta property=\"og:description\" content=\"Todas as p\u00e1ginas pt.m.wikipedia.org Apresentar p\u00e1ginas desde: P https:\/\/pt.m.wikipedia.org\/wiki\/Especial:Todas_as_p%C3%A1ginas?from=P&amp;to=&amp;namespace=0 Padre ministro de qualquer uma das 24 igrejas cat\u00f3licas, que receberam o segundo grau do sacramento da ordem. Eles podem administrar cinco dos sete sacramentos, exceto para a confirma\u00e7\u00e3o e ordena\u00e7\u00e3o sacerdotal, reservados para o bispo Padre&nbsp;\u00e9 o&nbsp;t\u00edtulo&nbsp;atribu\u00eddo ao ministro&nbsp;religioso&nbsp;na&nbsp;Igreja Cat\u00f3lica Romana,&nbsp;Ortodoxa&nbsp;e&nbsp;Anglicana. https:\/\/pt.m.wikipedia.org\/wiki\/Padre Paix\u00e3o (sentimento) sentimento [&hellip;]\" \/>\n<meta property=\"og:url\" content=\"https:\/\/o5go.com\/pt\/p\/\" \/>\n<meta property=\"og:site_name\" content=\"5G - o5go.com\/pt\" \/>\n<meta property=\"article:published_time\" content=\"2021-04-23T11:29:26+00:00\" \/>\n<meta property=\"article:modified_time\" content=\"2021-04-24T10:46:08+00:00\" \/>\n<meta name=\"author\" content=\"o5go\" \/>\n<meta name=\"twitter:card\" content=\"summary_large_image\" \/>\n<meta name=\"twitter:label1\" content=\"Escrito por\" \/>\n\t<meta name=\"twitter:data1\" content=\"o5go\" \/>\n\t<meta name=\"twitter:label2\" content=\"Tempo estimado de leitura\" \/>\n\t<meta name=\"twitter:data2\" content=\"23 minutos\" \/>\n<script type=\"application\/ld+json\" class=\"yoast-schema-graph\">{\"@context\":\"https:\/\/schema.org\",\"@graph\":[{\"@type\":\"WebPage\",\"@id\":\"https:\/\/o5go.com\/pt\/p\/\",\"url\":\"https:\/\/o5go.com\/pt\/p\/\",\"name\":\"P - 5G - o5go.com\/pt\",\"isPartOf\":{\"@id\":\"https:\/\/o5go.com\/pt\/#website\"},\"datePublished\":\"2021-04-23T11:29:26+00:00\",\"dateModified\":\"2021-04-24T10:46:08+00:00\",\"author\":{\"@id\":\"https:\/\/o5go.com\/pt\/#\/schema\/person\/8405db0e80cb4bf56c0574eef63fb90e\"},\"breadcrumb\":{\"@id\":\"https:\/\/o5go.com\/pt\/p\/#breadcrumb\"},\"inLanguage\":\"pt-PT\",\"potentialAction\":[{\"@type\":\"ReadAction\",\"target\":[\"https:\/\/o5go.com\/pt\/p\/\"]}]},{\"@type\":\"BreadcrumbList\",\"@id\":\"https:\/\/o5go.com\/pt\/p\/#breadcrumb\",\"itemListElement\":[{\"@type\":\"ListItem\",\"position\":1,\"name\":\"Home\",\"item\":\"https:\/\/o5go.com\/pt\/\"},{\"@type\":\"ListItem\",\"position\":2,\"name\":\"P\"}]},{\"@type\":\"WebSite\",\"@id\":\"https:\/\/o5go.com\/pt\/#website\",\"url\":\"https:\/\/o5go.com\/pt\/\",\"name\":\"5G - o5go.com\/pt\",\"description\":\"5G - Portugu\u00eas\",\"potentialAction\":[{\"@type\":\"SearchAction\",\"target\":{\"@type\":\"EntryPoint\",\"urlTemplate\":\"https:\/\/o5go.com\/pt\/?s={search_term_string}\"},\"query-input\":\"required name=search_term_string\"}],\"inLanguage\":\"pt-PT\"},{\"@type\":\"Person\",\"@id\":\"https:\/\/o5go.com\/pt\/#\/schema\/person\/8405db0e80cb4bf56c0574eef63fb90e\",\"name\":\"o5go\",\"image\":{\"@type\":\"ImageObject\",\"inLanguage\":\"pt-PT\",\"@id\":\"https:\/\/o5go.com\/pt\/#\/schema\/person\/image\/\",\"url\":\"https:\/\/secure.gravatar.com\/avatar\/b14b7deb33913abe4eb55a72040fc537ab4f8d61f7d6e937658f1439e42877ee?s=96&d=mm&r=g\",\"contentUrl\":\"https:\/\/secure.gravatar.com\/avatar\/b14b7deb33913abe4eb55a72040fc537ab4f8d61f7d6e937658f1439e42877ee?s=96&d=mm&r=g\",\"caption\":\"o5go\"},\"url\":\"https:\/\/o5go.com\/pt\/author\/o5go\/\"}]}<\/script>\n<!-- \/ Yoast SEO plugin. -->","yoast_head_json":{"title":"P - 5G - o5go.com\/pt","robots":{"index":"index","follow":"follow","max-snippet":"max-snippet:-1","max-image-preview":"max-image-preview:large","max-video-preview":"max-video-preview:-1"},"canonical":"https:\/\/o5go.com\/pt\/p\/","og_locale":"pt_PT","og_type":"article","og_title":"P - 5G - o5go.com\/pt","og_description":"Todas as p\u00e1ginas pt.m.wikipedia.org Apresentar p\u00e1ginas desde: P https:\/\/pt.m.wikipedia.org\/wiki\/Especial:Todas_as_p%C3%A1ginas?from=P&amp;to=&amp;namespace=0 Padre ministro de qualquer uma das 24 igrejas cat\u00f3licas, que receberam o segundo grau do sacramento da ordem. Eles podem administrar cinco dos sete sacramentos, exceto para a confirma\u00e7\u00e3o e ordena\u00e7\u00e3o sacerdotal, reservados para o bispo Padre&nbsp;\u00e9 o&nbsp;t\u00edtulo&nbsp;atribu\u00eddo ao ministro&nbsp;religioso&nbsp;na&nbsp;Igreja Cat\u00f3lica Romana,&nbsp;Ortodoxa&nbsp;e&nbsp;Anglicana. https:\/\/pt.m.wikipedia.org\/wiki\/Padre Paix\u00e3o (sentimento) sentimento [&hellip;]","og_url":"https:\/\/o5go.com\/pt\/p\/","og_site_name":"5G - o5go.com\/pt","article_published_time":"2021-04-23T11:29:26+00:00","article_modified_time":"2021-04-24T10:46:08+00:00","author":"o5go","twitter_card":"summary_large_image","twitter_misc":{"Escrito por":"o5go","Tempo estimado de leitura":"23 minutos"},"schema":{"@context":"https:\/\/schema.org","@graph":[{"@type":"WebPage","@id":"https:\/\/o5go.com\/pt\/p\/","url":"https:\/\/o5go.com\/pt\/p\/","name":"P - 5G - o5go.com\/pt","isPartOf":{"@id":"https:\/\/o5go.com\/pt\/#website"},"datePublished":"2021-04-23T11:29:26+00:00","dateModified":"2021-04-24T10:46:08+00:00","author":{"@id":"https:\/\/o5go.com\/pt\/#\/schema\/person\/8405db0e80cb4bf56c0574eef63fb90e"},"breadcrumb":{"@id":"https:\/\/o5go.com\/pt\/p\/#breadcrumb"},"inLanguage":"pt-PT","potentialAction":[{"@type":"ReadAction","target":["https:\/\/o5go.com\/pt\/p\/"]}]},{"@type":"BreadcrumbList","@id":"https:\/\/o5go.com\/pt\/p\/#breadcrumb","itemListElement":[{"@type":"ListItem","position":1,"name":"Home","item":"https:\/\/o5go.com\/pt\/"},{"@type":"ListItem","position":2,"name":"P"}]},{"@type":"WebSite","@id":"https:\/\/o5go.com\/pt\/#website","url":"https:\/\/o5go.com\/pt\/","name":"5G - o5go.com\/pt","description":"5G - Portugu\u00eas","potentialAction":[{"@type":"SearchAction","target":{"@type":"EntryPoint","urlTemplate":"https:\/\/o5go.com\/pt\/?s={search_term_string}"},"query-input":"required name=search_term_string"}],"inLanguage":"pt-PT"},{"@type":"Person","@id":"https:\/\/o5go.com\/pt\/#\/schema\/person\/8405db0e80cb4bf56c0574eef63fb90e","name":"o5go","image":{"@type":"ImageObject","inLanguage":"pt-PT","@id":"https:\/\/o5go.com\/pt\/#\/schema\/person\/image\/","url":"https:\/\/secure.gravatar.com\/avatar\/b14b7deb33913abe4eb55a72040fc537ab4f8d61f7d6e937658f1439e42877ee?s=96&d=mm&r=g","contentUrl":"https:\/\/secure.gravatar.com\/avatar\/b14b7deb33913abe4eb55a72040fc537ab4f8d61f7d6e937658f1439e42877ee?s=96&d=mm&r=g","caption":"o5go"},"url":"https:\/\/o5go.com\/pt\/author\/o5go\/"}]}},"_links":{"self":[{"href":"https:\/\/o5go.com\/pt\/wp-json\/wp\/v2\/posts\/63","targetHints":{"allow":["GET"]}}],"collection":[{"href":"https:\/\/o5go.com\/pt\/wp-json\/wp\/v2\/posts"}],"about":[{"href":"https:\/\/o5go.com\/pt\/wp-json\/wp\/v2\/types\/post"}],"author":[{"embeddable":true,"href":"https:\/\/o5go.com\/pt\/wp-json\/wp\/v2\/users\/1"}],"replies":[{"embeddable":true,"href":"https:\/\/o5go.com\/pt\/wp-json\/wp\/v2\/comments?post=63"}],"version-history":[{"count":2,"href":"https:\/\/o5go.com\/pt\/wp-json\/wp\/v2\/posts\/63\/revisions"}],"predecessor-version":[{"id":112,"href":"https:\/\/o5go.com\/pt\/wp-json\/wp\/v2\/posts\/63\/revisions\/112"}],"wp:attachment":[{"href":"https:\/\/o5go.com\/pt\/wp-json\/wp\/v2\/media?parent=63"}],"wp:term":[{"taxonomy":"category","embeddable":true,"href":"https:\/\/o5go.com\/pt\/wp-json\/wp\/v2\/categories?post=63"},{"taxonomy":"post_tag","embeddable":true,"href":"https:\/\/o5go.com\/pt\/wp-json\/wp\/v2\/tags?post=63"}],"curies":[{"name":"wp","href":"https:\/\/api.w.org\/{rel}","templated":true}]}}